{"id":20,"date":"2011-07-09T12:46:30","date_gmt":"2011-07-09T11:46:30","guid":{"rendered":"http:\/\/expomaquinaria.wordpress.com\/?p=20"},"modified":"2024-06-16T12:49:54","modified_gmt":"2024-06-16T10:49:54","slug":"cafe-espresso","status":"publish","type":"post","link":"https:\/\/www.expomaquinaria.es\/wpblog\/2011\/07\/09\/cafe-espresso\/","title":{"rendered":"Cafe espresso cafeteria"},"content":{"rendered":"<p style=\"text-align: justify;\">Caf\u00e9 espresso.<\/p>\n<p style=\"text-align: justify;\">Hay una cosa que\u00a0quiero compartir con vosotros, una joya que he descubierto hace poco tiempo; la cafetera Dream. Su dise\u00f1o retro la hace ideal y estilosa\u00a0para cualquier oficina, e incluso en nuestro propio hogar.<\/p>\n<p style=\"text-align: justify;\">\u00bfQuien dijo que la belleza no se puede combinar con la calidad? Esta cafetera hace un caf\u00e9 buen\u00edsimo. No tengo m\u00e1s palabras, solo queda disfrutar del aut\u00e9ntico sabor.<a href=\"http:\/\/www.expomaquinaria.es\/wpblog\/wp-content\/uploads\/2011\/07\/cafetera-dream-rojo1.jpg\"><img decoding=\"async\" class=\"wp-image-651 alignright\" title=\"Cafetera retro serie dream de color rojo1\" src=\"http:\/\/www.expomaquinaria.es\/wpblog\/wp-content\/uploads\/2011\/07\/cafetera-dream-rojo1-228x300.jpg\" alt=\"Cafetera para hosteleria serie Dream color rojo1 estilo retro.\" width=\"205\" height=\"270\" srcset=\"https:\/\/www.expomaquinaria.es\/wpblog\/wp-content\/uploads\/2011\/07\/cafetera-dream-rojo1-228x300.jpg 228w, https:\/\/www.expomaquinaria.es\/wpblog\/wp-content\/uploads\/2011\/07\/cafetera-dream-rojo1.jpg 622w\" sizes=\"(max-width: 205px) 100vw, 205px\" \/><\/a><\/p>\n<p style=\"text-align: justify;\">Esta m\u00e1quina est\u00e1 dise\u00f1ada por Marc aranyo combinando una imagen\u00a0retro con la m\u00e1s moderna tecnolog\u00eda, est\u00e1 en varios colores y en aluminio pulido, si quieres comprarla o tener m\u00e1s informaci\u00f3n puedes visitar: <a title=\"cafetera retro\" href=\"http:\/\/www.expomaquinaria.es\/maquinas-de-cafe\/681-maquina-de-cafe-dream.html\" target=\"_blank\">Expomaquinaria &#8211; Cafetera Dream<\/a><\/p>\n<p style=\"text-align: justify;\"><strong>CONSEJOS CAFETEROS:<\/strong> No nos olvidemos que para hacer un buen caf\u00e9 es necesario un buen molido del caf\u00e9.<\/p>\n<ul style=\"text-align: justify;\">\n<li>Si molemos demasiado fino: el agua no pasa bien por el caf\u00e9 y obtenemos un caf\u00e9 amargo y astringente.<\/li>\n<li>Si molemos demasiado grueso: el agua pasa el caf\u00e9 sin tomar sabor y obtenemos un \u00abLaxante\u00bb parecido a la \u00abpurga de Benito\u00bb o sea iremos directos al servicio.<\/li>\n<li>Cada tipo de caf\u00e9 tiene su molido, o sea hay que hacer pruebas para obtener un cafe con su sabor y crema adecuados, el perder alg\u00fan que otro caf\u00e9 haciendo pruebas es fundamental para obtener un caf\u00e9 estupendo.<\/li>\n<\/ul>\n<p style=\"text-align: justify;\"><strong><em>\u00bfComo saber cual es el mejor punto de molido del caf\u00e9?<\/em><\/strong><\/p>\n<ul style=\"text-align: justify;\">\n<li>Si cuando quitamos el cazo de la Cafetera vemos que hay agua en el o que cae el chorro a la taza muy fino <strong>\u00abEst\u00e1 demasiado molido\u00bb<\/strong><\/li>\n<li>Si el caf\u00e9 no hace crema,\u00a0 pasa de largo por el cazo y los posos no quedan compactos <strong>\u00abEst\u00e1 poco molido\u00bb<\/strong><\/li>\n<\/ul>\n<p style=\"text-align: justify;\">Si necesit\u00e1is m\u00e1s informaci\u00f3n de molinos de caf\u00e9 puedes consultar: <a title=\"Molinos de cafe profesionales\" href=\"http:\/\/www.expomaquinaria.es\/88-molinos-de-cafe\" target=\"_blank\">Molinos de Caf\u00e9<\/a><\/p>\n<blockquote>\n<p style=\"text-align: center;\">Autor: Juan Pedro Ruesca Ubide \u2013 CEO Expomaquinaria \u2013 2014<\/p>\n<p style=\"text-align: center;\">Prohibida la reproducci\u00f3n total o parcial sin autorizaci\u00f3n expresa de Expomaquinaria IRC S.L.<\/p>\n<\/blockquote>\n<p>&nbsp;<\/p>\n<p><a href=\"http:\/\/www.expomaquinaria.es\/612-cafeteras-profesionales\"><img decoding=\"async\" class=\"aligncenter size-full wp-image-2720\" src=\"http:\/\/www.expomaquinaria.es\/wpblog\/wp-content\/uploads\/2011\/07\/cafeteras.png\" alt=\"cafeteras\" width=\"790\" height=\"151\" srcset=\"https:\/\/www.expomaquinaria.es\/wpblog\/wp-content\/uploads\/2011\/07\/cafeteras.png 790w, https:\/\/www.expomaquinaria.es\/wpblog\/wp-content\/uploads\/2011\/07\/cafeteras-300x57.png 300w, https:\/\/www.expomaquinaria.es\/wpblog\/wp-content\/uploads\/2011\/07\/cafeteras-768x147.png 768w\" sizes=\"(max-width: 790px) 100vw, 790px\" \/><\/a><\/p>\n<p>&nbsp;<\/p>\n<p>&nbsp;<\/p>\n<p>&nbsp;<\/p>\n","protected":false},"excerpt":{"rendered":"<p>Caf\u00e9 espresso. Hay una cosa que\u00a0quiero compartir con vosotros, una joya que he descubierto hace poco tiempo; la cafetera Dream. Su dise\u00f1o retro la hace ideal y estilosa\u00a0para cualquier oficina, e incluso en nuestro propio hogar. \u00bfQuien dijo que la belleza no se puede combinar con la calidad? Esta cafetera hace un caf\u00e9 buen\u00edsimo. No [&hellip;]<\/p>\n","protected":false},"author":1,"featured_media":651,"comment_status":"open","ping_status":"closed","sticky":false,"template":"","format":"standard","meta":{"footnotes":""},"categories":[22],"tags":[18,19,20,21],"yoast_head":"<!-- This site is optimized with the Yoast SEO plugin v19.5.1 - https:\/\/yoast.com\/wordpress\/plugins\/seo\/ -->\n<title>Caf\u00e9 espresso cafeteria - Blog bar - Secretos de Hosteler\u00eda<\/title>\n<meta name=\"description\" content=\"Caf\u00e9 espresso cafeter\u00eda Dream est\u00e1n pensadas para simular las de los bares, con vaporizador y cazo para el caf\u00e9, con dise\u00f1o al mas puro estilo retro .\" \/>\n<meta name=\"robots\" content=\"index, follow, max-snippet:-1, max-image-preview:large, max-video-preview:-1\" \/>\n<link rel=\"canonical\" href=\"https:\/\/www.expomaquinaria.es\/wpblog\/2011\/07\/09\/cafe-espresso\/\" \/>\n<meta property=\"og:locale\" content=\"es_ES\" \/>\n<meta property=\"og:type\" content=\"article\" \/>\n<meta property=\"og:title\" content=\"Caf\u00e9 espresso cafeteria - Blog bar - Secretos de Hosteler\u00eda\" \/>\n<meta property=\"og:description\" content=\"Caf\u00e9 espresso cafeter\u00eda Dream est\u00e1n pensadas para simular las de los bares, con vaporizador y cazo para el caf\u00e9, con dise\u00f1o al mas puro estilo retro .\" \/>\n<meta property=\"og:url\" content=\"https:\/\/www.expomaquinaria.es\/wpblog\/2011\/07\/09\/cafe-espresso\/\" \/>\n<meta property=\"og:site_name\" content=\"Blog hosteleria - Secretos de Hosteler\u00eda\" \/>\n<meta property=\"article:publisher\" content=\"https:\/\/www.facebook.com\/expomaquinaria\" \/>\n<meta property=\"article:author\" content=\"https:\/\/www.facebook.com\/expomaquinaria\" \/>\n<meta property=\"article:published_time\" content=\"2011-07-09T11:46:30+00:00\" \/>\n<meta property=\"article:modified_time\" content=\"2024-06-16T10:49:54+00:00\" \/>\n<meta property=\"og:image\" content=\"https:\/\/www.expomaquinaria.es\/wpblog\/wp-content\/uploads\/2011\/07\/cafetera-dream-rojo1.jpg\" \/>\n\t<meta property=\"og:image:width\" content=\"622\" \/>\n\t<meta property=\"og:image:height\" content=\"818\" \/>\n\t<meta property=\"og:image:type\" content=\"image\/jpeg\" \/>\n<meta name=\"author\" content=\"expomaquinaria\" \/>\n<meta name=\"twitter:card\" content=\"summary_large_image\" \/>\n<meta name=\"twitter:creator\" content=\"@https:\/\/twitter.com\/expomaquinaria\" \/>\n<meta name=\"twitter:label1\" content=\"Escrito por\" \/>\n\t<meta name=\"twitter:data1\" content=\"expomaquinaria\" \/>\n\t<meta name=\"twitter:label2\" content=\"Tiempo de lectura\" \/>\n\t<meta name=\"twitter:data2\" content=\"2 minutos\" \/>\n<script type=\"application\/ld+json\" class=\"yoast-schema-graph\">{\"@context\":\"https:\/\/schema.org\",\"@graph\":[{\"@type\":[\"WebPage\",\"ItemPage\"],\"@id\":\"https:\/\/www.expomaquinaria.es\/wpblog\/2011\/07\/09\/cafe-espresso\/\",\"url\":\"https:\/\/www.expomaquinaria.es\/wpblog\/2011\/07\/09\/cafe-espresso\/\",\"name\":\"Caf\u00e9 espresso cafeteria - Blog bar - Secretos de Hosteler\u00eda\",\"isPartOf\":{\"@id\":\"https:\/\/www.expomaquinaria.es\/wpblog\/#website\"},\"datePublished\":\"2011-07-09T11:46:30+00:00\",\"dateModified\":\"2024-06-16T10:49:54+00:00\",\"author\":{\"@id\":\"https:\/\/www.expomaquinaria.es\/wpblog\/#\/schema\/person\/f46f0b99f244d0a6664d217d9fef2423\"},\"description\":\"Caf\u00e9 espresso cafeter\u00eda Dream est\u00e1n pensadas para simular las de los bares, con vaporizador y cazo para el caf\u00e9, con dise\u00f1o al mas puro estilo retro .\",\"breadcrumb\":{\"@id\":\"https:\/\/www.expomaquinaria.es\/wpblog\/2011\/07\/09\/cafe-espresso\/#breadcrumb\"},\"inLanguage\":\"es\",\"potentialAction\":[{\"@type\":\"ReadAction\",\"target\":[\"https:\/\/www.expomaquinaria.es\/wpblog\/2011\/07\/09\/cafe-espresso\/\"]}]},{\"@type\":\"BreadcrumbList\",\"@id\":\"https:\/\/www.expomaquinaria.es\/wpblog\/2011\/07\/09\/cafe-espresso\/#breadcrumb\",\"itemListElement\":[{\"@type\":\"ListItem\",\"position\":1,\"name\":\"Portada\",\"item\":\"https:\/\/www.expomaquinaria.es\/wpblog\/\"},{\"@type\":\"ListItem\",\"position\":2,\"name\":\"Cafe espresso cafeteria\"}]},{\"@type\":\"WebSite\",\"@id\":\"https:\/\/www.expomaquinaria.es\/wpblog\/#website\",\"url\":\"https:\/\/www.expomaquinaria.es\/wpblog\/\",\"name\":\"Blog hosteleria - Secretos de Hosteler\u00eda\",\"description\":\"Blog hosteleria, Art\u00edculos y noticias del mundo de la hosteler\u00eda y comercio\",\"potentialAction\":[{\"@type\":\"SearchAction\",\"target\":{\"@type\":\"EntryPoint\",\"urlTemplate\":\"https:\/\/www.expomaquinaria.es\/wpblog\/?s={search_term_string}\"},\"query-input\":\"required name=search_term_string\"}],\"inLanguage\":\"es\"},{\"@type\":\"Person\",\"@id\":\"https:\/\/www.expomaquinaria.es\/wpblog\/#\/schema\/person\/f46f0b99f244d0a6664d217d9fef2423\",\"name\":\"expomaquinaria\",\"image\":{\"@type\":\"ImageObject\",\"inLanguage\":\"es\",\"@id\":\"https:\/\/www.expomaquinaria.es\/wpblog\/#\/schema\/person\/image\/\",\"url\":\"https:\/\/secure.gravatar.com\/avatar\/6b949b2428b2d8f2987d91552b839aaf?s=96&d=identicon&r=g\",\"contentUrl\":\"https:\/\/secure.gravatar.com\/avatar\/6b949b2428b2d8f2987d91552b839aaf?s=96&d=identicon&r=g\",\"caption\":\"expomaquinaria\"},\"description\":\"Expomaquinaria - \\\"Pasi\u00f3n por la Hosteler\u00eda\\\", somos un conjunto de profesionales con mas de 30 a\u00f1os de experiencia en el sector de la hosteler\u00eda y comercio. Nos gusta nuestro trabajo y siempre estamos dispuestos a escucharte y asesorarte en lo que necesites.\",\"sameAs\":[\"https:\/\/www.expomaquinaria.es\",\"https:\/\/www.facebook.com\/expomaquinaria\",\"https:\/\/twitter.com\/https:\/\/twitter.com\/expomaquinaria\"]}]}<\/script>\n<!-- \/ Yoast SEO plugin. -->","yoast_head_json":{"title":"Caf\u00e9 espresso cafeteria - Blog bar - Secretos de Hosteler\u00eda","description":"Caf\u00e9 espresso cafeter\u00eda Dream est\u00e1n pensadas para simular las de los bares, con vaporizador y cazo para el caf\u00e9, con dise\u00f1o al mas puro estilo retro .","robots":{"index":"index","follow":"follow","max-snippet":"max-snippet:-1","max-image-preview":"max-image-preview:large","max-video-preview":"max-video-preview:-1"},"canonical":"https:\/\/www.expomaquinaria.es\/wpblog\/2011\/07\/09\/cafe-espresso\/","og_locale":"es_ES","og_type":"article","og_title":"Caf\u00e9 espresso cafeteria - Blog bar - Secretos de Hosteler\u00eda","og_description":"Caf\u00e9 espresso cafeter\u00eda Dream est\u00e1n pensadas para simular las de los bares, con vaporizador y cazo para el caf\u00e9, con dise\u00f1o al mas puro estilo retro .","og_url":"https:\/\/www.expomaquinaria.es\/wpblog\/2011\/07\/09\/cafe-espresso\/","og_site_name":"Blog hosteleria - Secretos de Hosteler\u00eda","article_publisher":"https:\/\/www.facebook.com\/expomaquinaria","article_author":"https:\/\/www.facebook.com\/expomaquinaria","article_published_time":"2011-07-09T11:46:30+00:00","article_modified_time":"2024-06-16T10:49:54+00:00","og_image":[{"width":"622","height":"818","url":"https:\/\/www.expomaquinaria.es\/wpblog\/wp-content\/uploads\/2011\/07\/cafetera-dream-rojo1.jpg","type":"image\/jpeg"}],"author":"expomaquinaria","twitter_card":"summary_large_image","twitter_creator":"@https:\/\/twitter.com\/expomaquinaria","twitter_misc":{"Escrito por":"expomaquinaria","Tiempo de lectura":"2 minutos"},"schema":{"@context":"https:\/\/schema.org","@graph":[{"@type":["WebPage","ItemPage"],"@id":"https:\/\/www.expomaquinaria.es\/wpblog\/2011\/07\/09\/cafe-espresso\/","url":"https:\/\/www.expomaquinaria.es\/wpblog\/2011\/07\/09\/cafe-espresso\/","name":"Caf\u00e9 espresso cafeteria - Blog bar - Secretos de Hosteler\u00eda","isPartOf":{"@id":"https:\/\/www.expomaquinaria.es\/wpblog\/#website"},"datePublished":"2011-07-09T11:46:30+00:00","dateModified":"2024-06-16T10:49:54+00:00","author":{"@id":"https:\/\/www.expomaquinaria.es\/wpblog\/#\/schema\/person\/f46f0b99f244d0a6664d217d9fef2423"},"description":"Caf\u00e9 espresso cafeter\u00eda Dream est\u00e1n pensadas para simular las de los bares, con vaporizador y cazo para el caf\u00e9, con dise\u00f1o al mas puro estilo retro .","breadcrumb":{"@id":"https:\/\/www.expomaquinaria.es\/wpblog\/2011\/07\/09\/cafe-espresso\/#breadcrumb"},"inLanguage":"es","potentialAction":[{"@type":"ReadAction","target":["https:\/\/www.expomaquinaria.es\/wpblog\/2011\/07\/09\/cafe-espresso\/"]}]},{"@type":"BreadcrumbList","@id":"https:\/\/www.expomaquinaria.es\/wpblog\/2011\/07\/09\/cafe-espresso\/#breadcrumb","itemListElement":[{"@type":"ListItem","position":1,"name":"Portada","item":"https:\/\/www.expomaquinaria.es\/wpblog\/"},{"@type":"ListItem","position":2,"name":"Cafe espresso cafeteria"}]},{"@type":"WebSite","@id":"https:\/\/www.expomaquinaria.es\/wpblog\/#website","url":"https:\/\/www.expomaquinaria.es\/wpblog\/","name":"Blog hosteleria - Secretos de Hosteler\u00eda","description":"Blog hosteleria, Art\u00edculos y noticias del mundo de la hosteler\u00eda y comercio","potentialAction":[{"@type":"SearchAction","target":{"@type":"EntryPoint","urlTemplate":"https:\/\/www.expomaquinaria.es\/wpblog\/?s={search_term_string}"},"query-input":"required name=search_term_string"}],"inLanguage":"es"},{"@type":"Person","@id":"https:\/\/www.expomaquinaria.es\/wpblog\/#\/schema\/person\/f46f0b99f244d0a6664d217d9fef2423","name":"expomaquinaria","image":{"@type":"ImageObject","inLanguage":"es","@id":"https:\/\/www.expomaquinaria.es\/wpblog\/#\/schema\/person\/image\/","url":"https:\/\/secure.gravatar.com\/avatar\/6b949b2428b2d8f2987d91552b839aaf?s=96&d=identicon&r=g","contentUrl":"https:\/\/secure.gravatar.com\/avatar\/6b949b2428b2d8f2987d91552b839aaf?s=96&d=identicon&r=g","caption":"expomaquinaria"},"description":"Expomaquinaria - \"Pasi\u00f3n por la Hosteler\u00eda\", somos un conjunto de profesionales con mas de 30 a\u00f1os de experiencia en el sector de la hosteler\u00eda y comercio. Nos gusta nuestro trabajo y siempre estamos dispuestos a escucharte y asesorarte en lo que necesites.","sameAs":["https:\/\/www.expomaquinaria.es","https:\/\/www.facebook.com\/expomaquinaria","https:\/\/twitter.com\/https:\/\/twitter.com\/expomaquinaria"]}]}},"_links":{"self":[{"href":"https:\/\/www.expomaquinaria.es\/wpblog\/wp-json\/wp\/v2\/posts\/20"}],"collection":[{"href":"https:\/\/www.expomaquinaria.es\/wpblog\/wp-json\/wp\/v2\/posts"}],"about":[{"href":"https:\/\/www.expomaquinaria.es\/wpblog\/wp-json\/wp\/v2\/types\/post"}],"author":[{"embeddable":true,"href":"https:\/\/www.expomaquinaria.es\/wpblog\/wp-json\/wp\/v2\/users\/1"}],"replies":[{"embeddable":true,"href":"https:\/\/www.expomaquinaria.es\/wpblog\/wp-json\/wp\/v2\/comments?post=20"}],"version-history":[{"count":0,"href":"https:\/\/www.expomaquinaria.es\/wpblog\/wp-json\/wp\/v2\/posts\/20\/revisions"}],"wp:featuredmedia":[{"embeddable":true,"href":"https:\/\/www.expomaquinaria.es\/wpblog\/wp-json\/wp\/v2\/media\/651"}],"wp:attachment":[{"href":"https:\/\/www.expomaquinaria.es\/wpblog\/wp-json\/wp\/v2\/media?parent=20"}],"wp:term":[{"taxonomy":"category","embeddable":true,"href":"https:\/\/www.expomaquinaria.es\/wpblog\/wp-json\/wp\/v2\/categories?post=20"},{"taxonomy":"post_tag","embeddable":true,"href":"https:\/\/www.expomaquinaria.es\/wpblog\/wp-json\/wp\/v2\/tags?post=20"}],"curies":[{"name":"wp","href":"https:\/\/api.w.org\/{rel}","templated":true}]}}